{"id":227,"date":"2020-11-18T16:13:59","date_gmt":"2020-11-18T15:13:59","guid":{"rendered":"https:\/\/verdammt-ich-lieb-dich.de\/magazin\/?p=227"},"modified":"2020-11-18T16:13:59","modified_gmt":"2020-11-18T15:13:59","slug":"adventsfest-von-florian-silbereisen","status":"publish","type":"post","link":"https:\/\/verdammt-ich-lieb-dich.de\/magazin\/adventsfest-von-florian-silbereisen\/","title":{"rendered":"Lichtblick am Schlager-Himmel: Adventsfest von Florian Silbereisen"},"content":{"rendered":"<pre><em>(c) Screenshot ARD<\/em><\/pre>\n<p>Erst k\u00fcrzlich mussten wir euch \u00fcber die <a href=\"https:\/\/verdammt-ich-lieb-dich.de\/magazin\/2020\/11\/06\/konzert-ausfaelle-der-schlagerstars\/\"><strong>Ausf\u00e4lle diverser Schlagerkonzerte<\/strong> <\/a>unterrichten. Doch jetzt gibt es wieder Licht am Ende des Tunnels: Florian Silbereisens allj\u00e4hrliches &#8222;Adventsfest der 100.000 Lichter&#8220; soll am <strong>28. November 2020<\/strong> trotz Corona stattfinden!<\/p>\n<h2>Florian Silbereisen trotzt Corona mit Adventsfest<\/h2>\n<p>Nach der Sorge, dass von den Konzertausf\u00e4llen auch das beliebte TV-Programm betroffen sein k\u00f6nnte, gibt es jetzt Entwarnung. Das &#8222;Adventsfest der 100.000 Lichter&#8220; findet statt! Neben Andreas Gabalier, Andrea Berg und Beatrich Egli werden auch Joey Kelly, Patricia Kelly und Angelo Kelly auftreten. Das ist das erste Mal seit einigen Jahren, dass die Kelly Family wieder vereint auf der B\u00fchne steht! Aber wie kann solch eine gro\u00dfe Veranstaltung w\u00e4hrend der aktuellen Situation \u00fcberhaupt \u00fcber die B\u00fchne gehen?<\/p>\n<p>Fest steht, dass in diesem Jahr einiges anders laufen muss, doch will sich der geb\u00fcrtige Bayer seine Vorfreude aufs Fest nicht nehmen lassen. Und so gab Florian Silbereisen h\u00f6chstpers\u00f6nlich bekannt, <strong><a href=\"https:\/\/www.schlager.de\/news\/2020\/11\/17\/florian-silbereisen-andrea-berg-feiert-mit-ihm-sein-adventsfest-der-100-000-lichter\/\">dass das Christkind auch in diesem Jahr erscheinen w\u00fcrde<\/a>.<\/strong><\/p>\n<h2>Hochkar\u00e4tige G\u00e4ste beim &#8222;Adventsfest der 100.000 Lichter&#8220;<\/h2>\n<p>Highlight der Show sind und bleiben aber nat\u00fcrlich die hochkar\u00e4tigen G\u00e4ste, die Silbereisen auch in 2020 begr\u00fc\u00dfen darf. F\u00fcr viele der Schlagerpromis d\u00fcrfte das Adventsfest zum Jahresende schon fast als &#8222;Wiedergutmachung&#8220; f\u00fcr die verlorenen Liveshows gelten. Endlich mal wieder B\u00fchnenluft schnuppern und von hochaufl\u00f6senden Kameras eingefangen werden: Danach haben sich die Schlagerstars wohl alle gesehnt. In den Genuss kommen am 28. November neben Gabalier, Berg, Egli und die Kellys auch Howard Carpendale, Ramon Roselly, die Gruppe Feuerherz, Ute Freudenberg, Linda Hesse, Andy Berg, Ross Antony, Maximilian Arland und David Garrett.<\/p>\n<h2>Alle Sendetermine f\u00fcr das &#8222;Adventsfest der 100.000 Lichter&#8220;<\/h2>\n<p>Samstag, 28. November 2020: Das Erste, 20:15 &#8211; 23:30 Uhr<\/p>\n<p>Dienstag, 22. Dezember 2020: rbb Fernsehen, 22:15 &#8211; 01:30 Uhr (<em>Wiederholung)<\/em><\/p>\n<p>Donnerstag, 24. Dezember 2020: SWR, 8:40 &#8211; 12:00 Uhr (<em>Wiederholung)<\/em><\/p>\n<p>Donnerstag, 24. Dezember 2020: BR Fernsehen, 10:10 &#8211; 13:30 Uhr (<em>Wiederholung)<\/em><\/p>\n","protected":false},"excerpt":{"rendered":"<p>(c) Screenshot ARD Erst k\u00fcrzlich mussten wir euch \u00fcber die Ausf\u00e4lle diverser Schlagerkonzerte unterrichten. Doch jetzt gibt es wieder Licht am Ende des Tunnels: Florian Silbereisens allj\u00e4hrliches &#8222;Adventsfest der 100.000 Lichter&#8220; soll am 28. November 2020 trotz Corona stattfinden! Florian Silbereisen trotzt Corona mit Adventsfest Nach der Sorge, dass von den Konzertausf\u00e4llen auch das beliebte<\/p>\n","protected":false},"author":2,"featured_media":229,"comment_status":"closed","ping_status":"closed","sticky":false,"template":"","format":"standard","meta":{"footnotes":""},"categories":[1],"tags":[30,32,33,31,3,29],"class_list":["post-227","post","type-post","status-publish","format-standard","has-post-thumbnail","hentry","category-allgemein","tag-advent","tag-adventsfest","tag-florian-silbereisen","tag-konzert","tag-schlager","tag-weihnachten"],"yoast_head":"<!-- This site is optimized with the Yoast SEO plugin v22.5 - https:\/\/yoast.com\/wordpress\/plugins\/seo\/ -->\n<title>Lichtblick am Schlager-Himmel: Adventsfest von Florian Silbereisen<\/title>\n<meta name=\"description\" content=\"Die Vorweihnachtszeit bringt einen Lichtblick am Schlager-Himmer. Florian Silbereisens &quot;Adventsfest der 100.000 Lichter&quot; findet trotz Corona statt!\" \/>\n<meta name=\"robots\" content=\"index, follow, max-snippet:-1, max-image-preview:large, max-video-preview:-1\" \/>\n<link rel=\"canonical\" href=\"https:\/\/verdammt-ich-lieb-dich.de\/magazin\/adventsfest-von-florian-silbereisen\/\" \/>\n<meta property=\"og:locale\" content=\"de_DE\" \/>\n<meta property=\"og:type\" content=\"article\" \/>\n<meta property=\"og:title\" content=\"Lichtblick am Schlager-Himmel: Adventsfest von Florian Silbereisen\" \/>\n<meta property=\"og:description\" content=\"Die Vorweihnachtszeit bringt einen Lichtblick am Schlager-Himmer. Florian Silbereisens &quot;Adventsfest der 100.000 Lichter&quot; findet trotz Corona statt!\" \/>\n<meta property=\"og:url\" content=\"https:\/\/verdammt-ich-lieb-dich.de\/magazin\/adventsfest-von-florian-silbereisen\/\" \/>\n<meta property=\"og:site_name\" content=\"Verdammt-ich-lieb-dich.de - Magazin\" \/>\n<meta property=\"article:published_time\" content=\"2020-11-18T15:13:59+00:00\" \/>\n<meta property=\"og:image\" content=\"https:\/\/verdammt-ich-lieb-dich.de\/magazin\/wp-content\/uploads\/2020\/11\/mireille-mathieu-und-florian-silbereisen-beim-adventsfest-100-000-lichter-dzDukzy7fea.jpg\" \/>\n\t<meta property=\"og:image:width\" content=\"2400\" \/>\n\t<meta property=\"og:image:height\" content=\"1350\" \/>\n\t<meta property=\"og:image:type\" content=\"image\/jpeg\" \/>\n<meta name=\"author\" content=\"wiebke\" \/>\n<meta name=\"twitter:card\" content=\"summary_large_image\" \/>\n<meta name=\"twitter:label1\" content=\"Verfasst von\" \/>\n\t<meta name=\"twitter:data1\" content=\"wiebke\" \/>\n\t<meta name=\"twitter:label2\" content=\"Gesch\u00e4tzte Lesezeit\" \/>\n\t<meta name=\"twitter:data2\" content=\"2\u00a0Minuten\" \/>\n<script type=\"application\/ld+json\" class=\"yoast-schema-graph\">{\"@context\":\"https:\/\/schema.org\",\"@graph\":[{\"@type\":\"WebPage\",\"@id\":\"https:\/\/verdammt-ich-lieb-dich.de\/magazin\/adventsfest-von-florian-silbereisen\/\",\"url\":\"https:\/\/verdammt-ich-lieb-dich.de\/magazin\/adventsfest-von-florian-silbereisen\/\",\"name\":\"Lichtblick am Schlager-Himmel: Adventsfest von Florian Silbereisen\",\"isPartOf\":{\"@id\":\"https:\/\/verdammt-ich-lieb-dich.de\/magazin\/#website\"},\"primaryImageOfPage\":{\"@id\":\"https:\/\/verdammt-ich-lieb-dich.de\/magazin\/adventsfest-von-florian-silbereisen\/#primaryimage\"},\"image\":{\"@id\":\"https:\/\/verdammt-ich-lieb-dich.de\/magazin\/adventsfest-von-florian-silbereisen\/#primaryimage\"},\"thumbnailUrl\":\"https:\/\/verdammt-ich-lieb-dich.de\/magazin\/wp-content\/uploads\/2020\/11\/mireille-mathieu-und-florian-silbereisen-beim-adventsfest-100-000-lichter-dzDukzy7fea.jpg\",\"datePublished\":\"2020-11-18T15:13:59+00:00\",\"dateModified\":\"2020-11-18T15:13:59+00:00\",\"author\":{\"@id\":\"https:\/\/verdammt-ich-lieb-dich.de\/magazin\/#\/schema\/person\/72f8836cc775b1779d26f62fcb915306\"},\"description\":\"Die Vorweihnachtszeit bringt einen Lichtblick am Schlager-Himmer. Florian Silbereisens \\\"Adventsfest der 100.000 Lichter\\\" findet trotz Corona statt!\",\"breadcrumb\":{\"@id\":\"https:\/\/verdammt-ich-lieb-dich.de\/magazin\/adventsfest-von-florian-silbereisen\/#breadcrumb\"},\"inLanguage\":\"de\",\"potentialAction\":[{\"@type\":\"ReadAction\",\"target\":[\"https:\/\/verdammt-ich-lieb-dich.de\/magazin\/adventsfest-von-florian-silbereisen\/\"]}]},{\"@type\":\"ImageObject\",\"inLanguage\":\"de\",\"@id\":\"https:\/\/verdammt-ich-lieb-dich.de\/magazin\/adventsfest-von-florian-silbereisen\/#primaryimage\",\"url\":\"https:\/\/verdammt-ich-lieb-dich.de\/magazin\/wp-content\/uploads\/2020\/11\/mireille-mathieu-und-florian-silbereisen-beim-adventsfest-100-000-lichter-dzDukzy7fea.jpg\",\"contentUrl\":\"https:\/\/verdammt-ich-lieb-dich.de\/magazin\/wp-content\/uploads\/2020\/11\/mireille-mathieu-und-florian-silbereisen-beim-adventsfest-100-000-lichter-dzDukzy7fea.jpg\",\"width\":2400,\"height\":1350,\"caption\":\"Mireille Mathieu und Florian Silbereisen (c) Screenshot ARD\"},{\"@type\":\"BreadcrumbList\",\"@id\":\"https:\/\/verdammt-ich-lieb-dich.de\/magazin\/adventsfest-von-florian-silbereisen\/#breadcrumb\",\"itemListElement\":[{\"@type\":\"ListItem\",\"position\":1,\"name\":\"Startseite\",\"item\":\"https:\/\/verdammt-ich-lieb-dich.de\/magazin\/\"},{\"@type\":\"ListItem\",\"position\":2,\"name\":\"Lichtblick am Schlager-Himmel: Adventsfest von Florian Silbereisen\"}]},{\"@type\":\"WebSite\",\"@id\":\"https:\/\/verdammt-ich-lieb-dich.de\/magazin\/#website\",\"url\":\"https:\/\/verdammt-ich-lieb-dich.de\/magazin\/\",\"name\":\"Verdammt-ich-lieb-dich.de - Magazin\",\"description\":\"Eine weitere WordPress-Website\",\"potentialAction\":[{\"@type\":\"SearchAction\",\"target\":{\"@type\":\"EntryPoint\",\"urlTemplate\":\"https:\/\/verdammt-ich-lieb-dich.de\/magazin\/?s={search_term_string}\"},\"query-input\":\"required name=search_term_string\"}],\"inLanguage\":\"de\"},{\"@type\":\"Person\",\"@id\":\"https:\/\/verdammt-ich-lieb-dich.de\/magazin\/#\/schema\/person\/72f8836cc775b1779d26f62fcb915306\",\"name\":\"wiebke\",\"image\":{\"@type\":\"ImageObject\",\"inLanguage\":\"de\",\"@id\":\"https:\/\/verdammt-ich-lieb-dich.de\/magazin\/#\/schema\/person\/image\/\",\"url\":\"https:\/\/secure.gravatar.com\/avatar\/fdac1543c43a40c1c2ff68b5a15601cd4e16b5cd6846d940e4590fbec818cfe9?s=96&d=mm&r=g\",\"contentUrl\":\"https:\/\/secure.gravatar.com\/avatar\/fdac1543c43a40c1c2ff68b5a15601cd4e16b5cd6846d940e4590fbec818cfe9?s=96&d=mm&r=g\",\"caption\":\"wiebke\"},\"url\":\"https:\/\/verdammt-ich-lieb-dich.de\/magazin\/author\/wiebke\/\"}]}<\/script>\n<!-- \/ Yoast SEO plugin. -->","yoast_head_json":{"title":"Lichtblick am Schlager-Himmel: Adventsfest von Florian Silbereisen","description":"Die Vorweihnachtszeit bringt einen Lichtblick am Schlager-Himmer. Florian Silbereisens \"Adventsfest der 100.000 Lichter\" findet trotz Corona statt!","robots":{"index":"index","follow":"follow","max-snippet":"max-snippet:-1","max-image-preview":"max-image-preview:large","max-video-preview":"max-video-preview:-1"},"canonical":"https:\/\/verdammt-ich-lieb-dich.de\/magazin\/adventsfest-von-florian-silbereisen\/","og_locale":"de_DE","og_type":"article","og_title":"Lichtblick am Schlager-Himmel: Adventsfest von Florian Silbereisen","og_description":"Die Vorweihnachtszeit bringt einen Lichtblick am Schlager-Himmer. Florian Silbereisens \"Adventsfest der 100.000 Lichter\" findet trotz Corona statt!","og_url":"https:\/\/verdammt-ich-lieb-dich.de\/magazin\/adventsfest-von-florian-silbereisen\/","og_site_name":"Verdammt-ich-lieb-dich.de - Magazin","article_published_time":"2020-11-18T15:13:59+00:00","og_image":[{"width":2400,"height":1350,"url":"https:\/\/verdammt-ich-lieb-dich.de\/magazin\/wp-content\/uploads\/2020\/11\/mireille-mathieu-und-florian-silbereisen-beim-adventsfest-100-000-lichter-dzDukzy7fea.jpg","type":"image\/jpeg"}],"author":"wiebke","twitter_card":"summary_large_image","twitter_misc":{"Verfasst von":"wiebke","Gesch\u00e4tzte Lesezeit":"2\u00a0Minuten"},"schema":{"@context":"https:\/\/schema.org","@graph":[{"@type":"WebPage","@id":"https:\/\/verdammt-ich-lieb-dich.de\/magazin\/adventsfest-von-florian-silbereisen\/","url":"https:\/\/verdammt-ich-lieb-dich.de\/magazin\/adventsfest-von-florian-silbereisen\/","name":"Lichtblick am Schlager-Himmel: Adventsfest von Florian Silbereisen","isPartOf":{"@id":"https:\/\/verdammt-ich-lieb-dich.de\/magazin\/#website"},"primaryImageOfPage":{"@id":"https:\/\/verdammt-ich-lieb-dich.de\/magazin\/adventsfest-von-florian-silbereisen\/#primaryimage"},"image":{"@id":"https:\/\/verdammt-ich-lieb-dich.de\/magazin\/adventsfest-von-florian-silbereisen\/#primaryimage"},"thumbnailUrl":"https:\/\/verdammt-ich-lieb-dich.de\/magazin\/wp-content\/uploads\/2020\/11\/mireille-mathieu-und-florian-silbereisen-beim-adventsfest-100-000-lichter-dzDukzy7fea.jpg","datePublished":"2020-11-18T15:13:59+00:00","dateModified":"2020-11-18T15:13:59+00:00","author":{"@id":"https:\/\/verdammt-ich-lieb-dich.de\/magazin\/#\/schema\/person\/72f8836cc775b1779d26f62fcb915306"},"description":"Die Vorweihnachtszeit bringt einen Lichtblick am Schlager-Himmer. Florian Silbereisens \"Adventsfest der 100.000 Lichter\" findet trotz Corona statt!","breadcrumb":{"@id":"https:\/\/verdammt-ich-lieb-dich.de\/magazin\/adventsfest-von-florian-silbereisen\/#breadcrumb"},"inLanguage":"de","potentialAction":[{"@type":"ReadAction","target":["https:\/\/verdammt-ich-lieb-dich.de\/magazin\/adventsfest-von-florian-silbereisen\/"]}]},{"@type":"ImageObject","inLanguage":"de","@id":"https:\/\/verdammt-ich-lieb-dich.de\/magazin\/adventsfest-von-florian-silbereisen\/#primaryimage","url":"https:\/\/verdammt-ich-lieb-dich.de\/magazin\/wp-content\/uploads\/2020\/11\/mireille-mathieu-und-florian-silbereisen-beim-adventsfest-100-000-lichter-dzDukzy7fea.jpg","contentUrl":"https:\/\/verdammt-ich-lieb-dich.de\/magazin\/wp-content\/uploads\/2020\/11\/mireille-mathieu-und-florian-silbereisen-beim-adventsfest-100-000-lichter-dzDukzy7fea.jpg","width":2400,"height":1350,"caption":"Mireille Mathieu und Florian Silbereisen (c) Screenshot ARD"},{"@type":"BreadcrumbList","@id":"https:\/\/verdammt-ich-lieb-dich.de\/magazin\/adventsfest-von-florian-silbereisen\/#breadcrumb","itemListElement":[{"@type":"ListItem","position":1,"name":"Startseite","item":"https:\/\/verdammt-ich-lieb-dich.de\/magazin\/"},{"@type":"ListItem","position":2,"name":"Lichtblick am Schlager-Himmel: Adventsfest von Florian Silbereisen"}]},{"@type":"WebSite","@id":"https:\/\/verdammt-ich-lieb-dich.de\/magazin\/#website","url":"https:\/\/verdammt-ich-lieb-dich.de\/magazin\/","name":"Verdammt-ich-lieb-dich.de - Magazin","description":"Eine weitere WordPress-Website","potentialAction":[{"@type":"SearchAction","target":{"@type":"EntryPoint","urlTemplate":"https:\/\/verdammt-ich-lieb-dich.de\/magazin\/?s={search_term_string}"},"query-input":"required name=search_term_string"}],"inLanguage":"de"},{"@type":"Person","@id":"https:\/\/verdammt-ich-lieb-dich.de\/magazin\/#\/schema\/person\/72f8836cc775b1779d26f62fcb915306","name":"wiebke","image":{"@type":"ImageObject","inLanguage":"de","@id":"https:\/\/verdammt-ich-lieb-dich.de\/magazin\/#\/schema\/person\/image\/","url":"https:\/\/secure.gravatar.com\/avatar\/fdac1543c43a40c1c2ff68b5a15601cd4e16b5cd6846d940e4590fbec818cfe9?s=96&d=mm&r=g","contentUrl":"https:\/\/secure.gravatar.com\/avatar\/fdac1543c43a40c1c2ff68b5a15601cd4e16b5cd6846d940e4590fbec818cfe9?s=96&d=mm&r=g","caption":"wiebke"},"url":"https:\/\/verdammt-ich-lieb-dich.de\/magazin\/author\/wiebke\/"}]}},"_links":{"self":[{"href":"https:\/\/verdammt-ich-lieb-dich.de\/magazin\/wp-json\/wp\/v2\/posts\/227","targetHints":{"allow":["GET"]}}],"collection":[{"href":"https:\/\/verdammt-ich-lieb-dich.de\/magazin\/wp-json\/wp\/v2\/posts"}],"about":[{"href":"https:\/\/verdammt-ich-lieb-dich.de\/magazin\/wp-json\/wp\/v2\/types\/post"}],"author":[{"embeddable":true,"href":"https:\/\/verdammt-ich-lieb-dich.de\/magazin\/wp-json\/wp\/v2\/users\/2"}],"replies":[{"embeddable":true,"href":"https:\/\/verdammt-ich-lieb-dich.de\/magazin\/wp-json\/wp\/v2\/comments?post=227"}],"version-history":[{"count":5,"href":"https:\/\/verdammt-ich-lieb-dich.de\/magazin\/wp-json\/wp\/v2\/posts\/227\/revisions"}],"predecessor-version":[{"id":234,"href":"https:\/\/verdammt-ich-lieb-dich.de\/magazin\/wp-json\/wp\/v2\/posts\/227\/revisions\/234"}],"wp:featuredmedia":[{"embeddable":true,"href":"https:\/\/verdammt-ich-lieb-dich.de\/magazin\/wp-json\/wp\/v2\/media\/229"}],"wp:attachment":[{"href":"https:\/\/verdammt-ich-lieb-dich.de\/magazin\/wp-json\/wp\/v2\/media?parent=227"}],"wp:term":[{"taxonomy":"category","embeddable":true,"href":"https:\/\/verdammt-ich-lieb-dich.de\/magazin\/wp-json\/wp\/v2\/categories?post=227"},{"taxonomy":"post_tag","embeddable":true,"href":"https:\/\/verdammt-ich-lieb-dich.de\/magazin\/wp-json\/wp\/v2\/tags?post=227"}],"curies":[{"name":"wp","href":"https:\/\/api.w.org\/{rel}","templated":true}]}}