{"id":218,"date":"2020-11-06T15:24:20","date_gmt":"2020-11-06T14:24:20","guid":{"rendered":"https:\/\/verdammt-ich-lieb-dich.de\/magazin\/?p=218"},"modified":"2020-11-06T15:26:49","modified_gmt":"2020-11-06T14:26:49","slug":"konzert-ausfaelle-der-schlagerstars","status":"publish","type":"post","link":"https:\/\/verdammt-ich-lieb-dich.de\/magazin\/konzert-ausfaelle-der-schlagerstars\/","title":{"rendered":"Konzert-Ausf\u00e4lle: Diese Schlagerstars haben das Nachsehen"},"content":{"rendered":"<pre><em>Fotocredit: (c) Ordercrazy auf wikipedia.de<\/em><\/pre>\n<p>Um die rasant steigenden Infektionszahlen wieder in den Griff zu bekommen, hat die Bundesregierung zum 1. November 2020 einen erneuten (Light-)Lockdown umgesetzt. Mitarbeiter arbeiten wieder vermehrt aus dem Home Office, Essen gibt es nur noch zum Mitnehmen, Kulturbetriebe m\u00fcssen schlie\u00dfen. Konzert-Ausf\u00e4lle sind die Folge. Eine Hiobsbotschaft f\u00fcr alle Schlagerfans in diesem Corona-Jahr, die ihre Schlagerlieblinge live erleben wollten.<\/p>\n<p>Wie schon beim ersten Lockdown im Fr\u00fchjahr 2020 z\u00e4hlen viele B\u00fchnenk\u00fcnstler und darunter auch unsere Schlagerpromis zu den Leidtragenden. Wer sich schon vorsichtig optimistisch ein Ticket f\u00fcr ein Konzert gesichert hat, ist jetzt entt\u00e4uscht. Denn: Der Konzert Marathon muss weiterhin warten.<\/p>\n<h2>Diese Konzert-Ausf\u00e4lle sind vom November-Lockdown betroffen<\/h2>\n<p>Viele Tourneen wie &#8222;Die Show meines Lebens&#8220; von <strong><a href=\"https:\/\/info.universal-music.de\/artists\/lp\/howard-carpendale-symphonie-meines-lebens\" target=\"_blank\" rel=\"noopener noreferrer\">Howard Carpendale<\/a><\/strong> sind bereits verschoben. Doch nicht weit genug, wie sich jetzt herausstellt. Seine Ausweichtermine im November fallen aufgrund von Corona komplett aus. Auch <a href=\"https:\/\/www.instagram.com\/kerstinott_official\/?hl=de\" target=\"_blank\" rel=\"noopener noreferrer\"><strong>Kerstin Ott<\/strong><\/a> (Tourtitel: &#8222;Ich geh meinen Weg&#8220;) hat das Nachsehen: Die S\u00e4ngerin hofft aber auf bessere Zeiten und verschiebt ihre komplette Show auf das n\u00e4chste Jahr. Ebenso wie <strong><a href=\"https:\/\/www.roland-kaiser.de\/\" target=\"_blank\" rel=\"noopener noreferrer\">Roland Kaiser<\/a><\/strong>, der im Rahmen seiner &#8222;Alles oder Dich&#8220;-Arena-Tour Liveauftritte im November 2020 geplant hatte.<\/p>\n<p><strong>Hier eine chronologische \u00dcbersicht der Schlagersausen, die aufgrund der verl\u00e4ngerten Corona-Regelungen nicht stattfinden k\u00f6nnen:<\/strong><\/p>\n<p>06. November 2020: Die gro\u00dfe Schlagerparty &#8211; Live 2020, Graz<\/p>\n<p>07. November 2020: Die gro\u00dfe Schlagerparty &#8211; Live 2020, Dornbirn<\/p>\n<p>08. November 2020: Die gro\u00dfe Schlager Hitparade, Bad Blankenburg<\/p>\n<p>08. November 2020: Howard Carpendale, N\u00fcrnberg<\/p>\n<p>10. November 2020: Howard Carpendale, Dortmund<\/p>\n<p>11. November 2020: Howard Carpendale, Hamburg<\/p>\n<p>11. November 2020: Annemarie Eilfeld, Esslingen am Neckar<\/p>\n<p>12. November 2020: Howard Carpendale, K\u00f6ln<\/p>\n<p>12. November 2020: Das Stadtfest pr\u00e4sentiert von Andy Borg, Brandenburg a. d. Havel<\/p>\n<p>13. November 2020: HEINO goes Klassik, Frankfurt<\/p>\n<p>13. November 2020: Das Stadtfest pr\u00e4sentiert von Andy Borg, Schwedt \/ Oder<\/p>\n<p>14. November 2020: Das Stadtfest pr\u00e4sentiert von Andy Borg, Leinefelde<\/p>\n<p>14. November 2020: Hansi Hinterseer und das Tiroler Echo, Passau<\/p>\n<p>14. November 2020: Howard Carpendale, Dresden<\/p>\n<p>14. November 2020: Ben Zucker, Bielefeld<\/p>\n<p>15. November 2020: Immer wieder Sonntags pr\u00e4sentiert von Stefan Mross, Tuttlingen<\/p>\n<p>19. November 2020: Das Stadtfest pr\u00e4sentiert von Andy Borg, Gera<\/p>\n<p>20. November 2020: Das Stadtfest pr\u00e4sentiert von Andy Borg, Luckenwalde<\/p>\n<p>21. November 2020: Das Stadtfest pr\u00e4sentiert von Andy Borg, Erkner<\/p>\n<h2>Tapfer bleiben!<\/h2>\n<p>Angesichts der langen Liste von Konzert-Ausf\u00e4llen, kann einem schon mal die gute Laune vergehen. Doch die liebste Schlagermusik h\u00f6rt sich doch sowieso am besten mit dem richtigen Partner. <strong><a href=\"https:\/\/verdammt-ich-lieb-dich.de\/magazin\/2020\/11\/02\/lockdown-light-neue-chance-auf-ein-neues-liebesglueck\/\" target=\"_blank\" rel=\"noopener noreferrer\">Noch auf der Suche? Dann los!<\/a><\/strong><\/p>\n","protected":false},"excerpt":{"rendered":"<p>Fotocredit: (c) Ordercrazy auf wikipedia.de Um die rasant steigenden Infektionszahlen wieder in den Griff zu bekommen, hat die Bundesregierung zum 1. November 2020 einen erneuten (Light-)Lockdown umgesetzt. Mitarbeiter arbeiten wieder vermehrt aus dem Home Office, Essen gibt es nur noch zum Mitnehmen, Kulturbetriebe m\u00fcssen schlie\u00dfen. Konzert-Ausf\u00e4lle sind die Folge. Eine Hiobsbotschaft f\u00fcr alle Schlagerfans in<\/p>\n","protected":false},"author":2,"featured_media":219,"comment_status":"closed","ping_status":"closed","sticky":false,"template":"","format":"standard","meta":{"footnotes":""},"categories":[1],"tags":[],"class_list":["post-218","post","type-post","status-publish","format-standard","has-post-thumbnail","hentry","category-allgemein"],"yoast_head":"<!-- This site is optimized with the Yoast SEO plugin v22.5 - https:\/\/yoast.com\/wordpress\/plugins\/seo\/ -->\n<title>Konzert-Ausf\u00e4lle: Diese Schlagerstars haben das Nachsehen - Verdammt-ich-lieb-dich.de - Magazin<\/title>\n<meta name=\"description\" content=\"Mit dem zweiten Lockdown erlebt Deutschland seit dem 1. November ein Dejavu. Und auch die Schlagerstars leiden: Diese Konzerte m\u00fcssen im November ausfallen!\" \/>\n<meta name=\"robots\" content=\"index, follow, max-snippet:-1, max-image-preview:large, max-video-preview:-1\" \/>\n<link rel=\"canonical\" href=\"https:\/\/verdammt-ich-lieb-dich.de\/magazin\/konzert-ausfaelle-der-schlagerstars\/\" \/>\n<meta property=\"og:locale\" content=\"de_DE\" \/>\n<meta property=\"og:type\" content=\"article\" \/>\n<meta property=\"og:title\" content=\"Konzert-Ausf\u00e4lle: Diese Schlagerstars haben das Nachsehen - Verdammt-ich-lieb-dich.de - Magazin\" \/>\n<meta property=\"og:description\" content=\"Mit dem zweiten Lockdown erlebt Deutschland seit dem 1. November ein Dejavu. Und auch die Schlagerstars leiden: Diese Konzerte m\u00fcssen im November ausfallen!\" \/>\n<meta property=\"og:url\" content=\"https:\/\/verdammt-ich-lieb-dich.de\/magazin\/konzert-ausfaelle-der-schlagerstars\/\" \/>\n<meta property=\"og:site_name\" content=\"Verdammt-ich-lieb-dich.de - Magazin\" \/>\n<meta property=\"article:published_time\" content=\"2020-11-06T14:24:20+00:00\" \/>\n<meta property=\"article:modified_time\" content=\"2020-11-06T14:26:49+00:00\" \/>\n<meta property=\"og:image\" content=\"https:\/\/verdammt-ich-lieb-dich.de\/magazin\/wp-content\/uploads\/2020\/11\/Howard_Carpendale_-_BigBox_Allgaeu_13-scaled.jpg\" \/>\n\t<meta property=\"og:image:width\" content=\"2560\" \/>\n\t<meta property=\"og:image:height\" content=\"1946\" \/>\n\t<meta property=\"og:image:type\" content=\"image\/jpeg\" \/>\n<meta name=\"author\" content=\"wiebke\" \/>\n<meta name=\"twitter:card\" content=\"summary_large_image\" \/>\n<meta name=\"twitter:label1\" content=\"Verfasst von\" \/>\n\t<meta name=\"twitter:data1\" content=\"wiebke\" \/>\n\t<meta name=\"twitter:label2\" content=\"Gesch\u00e4tzte Lesezeit\" \/>\n\t<meta name=\"twitter:data2\" content=\"2\u00a0Minuten\" \/>\n<script type=\"application\/ld+json\" class=\"yoast-schema-graph\">{\"@context\":\"https:\/\/schema.org\",\"@graph\":[{\"@type\":\"WebPage\",\"@id\":\"https:\/\/verdammt-ich-lieb-dich.de\/magazin\/konzert-ausfaelle-der-schlagerstars\/\",\"url\":\"https:\/\/verdammt-ich-lieb-dich.de\/magazin\/konzert-ausfaelle-der-schlagerstars\/\",\"name\":\"Konzert-Ausf\u00e4lle: Diese Schlagerstars haben das Nachsehen - Verdammt-ich-lieb-dich.de - Magazin\",\"isPartOf\":{\"@id\":\"https:\/\/verdammt-ich-lieb-dich.de\/magazin\/#website\"},\"primaryImageOfPage\":{\"@id\":\"https:\/\/verdammt-ich-lieb-dich.de\/magazin\/konzert-ausfaelle-der-schlagerstars\/#primaryimage\"},\"image\":{\"@id\":\"https:\/\/verdammt-ich-lieb-dich.de\/magazin\/konzert-ausfaelle-der-schlagerstars\/#primaryimage\"},\"thumbnailUrl\":\"https:\/\/verdammt-ich-lieb-dich.de\/magazin\/wp-content\/uploads\/2020\/11\/Howard_Carpendale_-_BigBox_Allgaeu_13-scaled.jpg\",\"datePublished\":\"2020-11-06T14:24:20+00:00\",\"dateModified\":\"2020-11-06T14:26:49+00:00\",\"author\":{\"@id\":\"https:\/\/verdammt-ich-lieb-dich.de\/magazin\/#\/schema\/person\/72f8836cc775b1779d26f62fcb915306\"},\"description\":\"Mit dem zweiten Lockdown erlebt Deutschland seit dem 1. November ein Dejavu. Und auch die Schlagerstars leiden: Diese Konzerte m\u00fcssen im November ausfallen!\",\"breadcrumb\":{\"@id\":\"https:\/\/verdammt-ich-lieb-dich.de\/magazin\/konzert-ausfaelle-der-schlagerstars\/#breadcrumb\"},\"inLanguage\":\"de\",\"potentialAction\":[{\"@type\":\"ReadAction\",\"target\":[\"https:\/\/verdammt-ich-lieb-dich.de\/magazin\/konzert-ausfaelle-der-schlagerstars\/\"]}]},{\"@type\":\"ImageObject\",\"inLanguage\":\"de\",\"@id\":\"https:\/\/verdammt-ich-lieb-dich.de\/magazin\/konzert-ausfaelle-der-schlagerstars\/#primaryimage\",\"url\":\"https:\/\/verdammt-ich-lieb-dich.de\/magazin\/wp-content\/uploads\/2020\/11\/Howard_Carpendale_-_BigBox_Allgaeu_13-scaled.jpg\",\"contentUrl\":\"https:\/\/verdammt-ich-lieb-dich.de\/magazin\/wp-content\/uploads\/2020\/11\/Howard_Carpendale_-_BigBox_Allgaeu_13-scaled.jpg\",\"width\":2560,\"height\":1946,\"caption\":\"Howard Carpendale vor der Corona-Krise bei einem Live-Auftritt (c) Ordercrazy auf wikipedia.de\"},{\"@type\":\"BreadcrumbList\",\"@id\":\"https:\/\/verdammt-ich-lieb-dich.de\/magazin\/konzert-ausfaelle-der-schlagerstars\/#breadcrumb\",\"itemListElement\":[{\"@type\":\"ListItem\",\"position\":1,\"name\":\"Startseite\",\"item\":\"https:\/\/verdammt-ich-lieb-dich.de\/magazin\/\"},{\"@type\":\"ListItem\",\"position\":2,\"name\":\"Konzert-Ausf\u00e4lle: Diese Schlagerstars haben das Nachsehen\"}]},{\"@type\":\"WebSite\",\"@id\":\"https:\/\/verdammt-ich-lieb-dich.de\/magazin\/#website\",\"url\":\"https:\/\/verdammt-ich-lieb-dich.de\/magazin\/\",\"name\":\"Verdammt-ich-lieb-dich.de - Magazin\",\"description\":\"Eine weitere WordPress-Website\",\"potentialAction\":[{\"@type\":\"SearchAction\",\"target\":{\"@type\":\"EntryPoint\",\"urlTemplate\":\"https:\/\/verdammt-ich-lieb-dich.de\/magazin\/?s={search_term_string}\"},\"query-input\":\"required name=search_term_string\"}],\"inLanguage\":\"de\"},{\"@type\":\"Person\",\"@id\":\"https:\/\/verdammt-ich-lieb-dich.de\/magazin\/#\/schema\/person\/72f8836cc775b1779d26f62fcb915306\",\"name\":\"wiebke\",\"image\":{\"@type\":\"ImageObject\",\"inLanguage\":\"de\",\"@id\":\"https:\/\/verdammt-ich-lieb-dich.de\/magazin\/#\/schema\/person\/image\/\",\"url\":\"https:\/\/secure.gravatar.com\/avatar\/fdac1543c43a40c1c2ff68b5a15601cd4e16b5cd6846d940e4590fbec818cfe9?s=96&d=mm&r=g\",\"contentUrl\":\"https:\/\/secure.gravatar.com\/avatar\/fdac1543c43a40c1c2ff68b5a15601cd4e16b5cd6846d940e4590fbec818cfe9?s=96&d=mm&r=g\",\"caption\":\"wiebke\"},\"url\":\"https:\/\/verdammt-ich-lieb-dich.de\/magazin\/author\/wiebke\/\"}]}<\/script>\n<!-- \/ Yoast SEO plugin. -->","yoast_head_json":{"title":"Konzert-Ausf\u00e4lle: Diese Schlagerstars haben das Nachsehen - Verdammt-ich-lieb-dich.de - Magazin","description":"Mit dem zweiten Lockdown erlebt Deutschland seit dem 1. November ein Dejavu. Und auch die Schlagerstars leiden: Diese Konzerte m\u00fcssen im November ausfallen!","robots":{"index":"index","follow":"follow","max-snippet":"max-snippet:-1","max-image-preview":"max-image-preview:large","max-video-preview":"max-video-preview:-1"},"canonical":"https:\/\/verdammt-ich-lieb-dich.de\/magazin\/konzert-ausfaelle-der-schlagerstars\/","og_locale":"de_DE","og_type":"article","og_title":"Konzert-Ausf\u00e4lle: Diese Schlagerstars haben das Nachsehen - Verdammt-ich-lieb-dich.de - Magazin","og_description":"Mit dem zweiten Lockdown erlebt Deutschland seit dem 1. November ein Dejavu. Und auch die Schlagerstars leiden: Diese Konzerte m\u00fcssen im November ausfallen!","og_url":"https:\/\/verdammt-ich-lieb-dich.de\/magazin\/konzert-ausfaelle-der-schlagerstars\/","og_site_name":"Verdammt-ich-lieb-dich.de - Magazin","article_published_time":"2020-11-06T14:24:20+00:00","article_modified_time":"2020-11-06T14:26:49+00:00","og_image":[{"width":2560,"height":1946,"url":"https:\/\/verdammt-ich-lieb-dich.de\/magazin\/wp-content\/uploads\/2020\/11\/Howard_Carpendale_-_BigBox_Allgaeu_13-scaled.jpg","type":"image\/jpeg"}],"author":"wiebke","twitter_card":"summary_large_image","twitter_misc":{"Verfasst von":"wiebke","Gesch\u00e4tzte Lesezeit":"2\u00a0Minuten"},"schema":{"@context":"https:\/\/schema.org","@graph":[{"@type":"WebPage","@id":"https:\/\/verdammt-ich-lieb-dich.de\/magazin\/konzert-ausfaelle-der-schlagerstars\/","url":"https:\/\/verdammt-ich-lieb-dich.de\/magazin\/konzert-ausfaelle-der-schlagerstars\/","name":"Konzert-Ausf\u00e4lle: Diese Schlagerstars haben das Nachsehen - Verdammt-ich-lieb-dich.de - Magazin","isPartOf":{"@id":"https:\/\/verdammt-ich-lieb-dich.de\/magazin\/#website"},"primaryImageOfPage":{"@id":"https:\/\/verdammt-ich-lieb-dich.de\/magazin\/konzert-ausfaelle-der-schlagerstars\/#primaryimage"},"image":{"@id":"https:\/\/verdammt-ich-lieb-dich.de\/magazin\/konzert-ausfaelle-der-schlagerstars\/#primaryimage"},"thumbnailUrl":"https:\/\/verdammt-ich-lieb-dich.de\/magazin\/wp-content\/uploads\/2020\/11\/Howard_Carpendale_-_BigBox_Allgaeu_13-scaled.jpg","datePublished":"2020-11-06T14:24:20+00:00","dateModified":"2020-11-06T14:26:49+00:00","author":{"@id":"https:\/\/verdammt-ich-lieb-dich.de\/magazin\/#\/schema\/person\/72f8836cc775b1779d26f62fcb915306"},"description":"Mit dem zweiten Lockdown erlebt Deutschland seit dem 1. November ein Dejavu. Und auch die Schlagerstars leiden: Diese Konzerte m\u00fcssen im November ausfallen!","breadcrumb":{"@id":"https:\/\/verdammt-ich-lieb-dich.de\/magazin\/konzert-ausfaelle-der-schlagerstars\/#breadcrumb"},"inLanguage":"de","potentialAction":[{"@type":"ReadAction","target":["https:\/\/verdammt-ich-lieb-dich.de\/magazin\/konzert-ausfaelle-der-schlagerstars\/"]}]},{"@type":"ImageObject","inLanguage":"de","@id":"https:\/\/verdammt-ich-lieb-dich.de\/magazin\/konzert-ausfaelle-der-schlagerstars\/#primaryimage","url":"https:\/\/verdammt-ich-lieb-dich.de\/magazin\/wp-content\/uploads\/2020\/11\/Howard_Carpendale_-_BigBox_Allgaeu_13-scaled.jpg","contentUrl":"https:\/\/verdammt-ich-lieb-dich.de\/magazin\/wp-content\/uploads\/2020\/11\/Howard_Carpendale_-_BigBox_Allgaeu_13-scaled.jpg","width":2560,"height":1946,"caption":"Howard Carpendale vor der Corona-Krise bei einem Live-Auftritt (c) Ordercrazy auf wikipedia.de"},{"@type":"BreadcrumbList","@id":"https:\/\/verdammt-ich-lieb-dich.de\/magazin\/konzert-ausfaelle-der-schlagerstars\/#breadcrumb","itemListElement":[{"@type":"ListItem","position":1,"name":"Startseite","item":"https:\/\/verdammt-ich-lieb-dich.de\/magazin\/"},{"@type":"ListItem","position":2,"name":"Konzert-Ausf\u00e4lle: Diese Schlagerstars haben das Nachsehen"}]},{"@type":"WebSite","@id":"https:\/\/verdammt-ich-lieb-dich.de\/magazin\/#website","url":"https:\/\/verdammt-ich-lieb-dich.de\/magazin\/","name":"Verdammt-ich-lieb-dich.de - Magazin","description":"Eine weitere WordPress-Website","potentialAction":[{"@type":"SearchAction","target":{"@type":"EntryPoint","urlTemplate":"https:\/\/verdammt-ich-lieb-dich.de\/magazin\/?s={search_term_string}"},"query-input":"required name=search_term_string"}],"inLanguage":"de"},{"@type":"Person","@id":"https:\/\/verdammt-ich-lieb-dich.de\/magazin\/#\/schema\/person\/72f8836cc775b1779d26f62fcb915306","name":"wiebke","image":{"@type":"ImageObject","inLanguage":"de","@id":"https:\/\/verdammt-ich-lieb-dich.de\/magazin\/#\/schema\/person\/image\/","url":"https:\/\/secure.gravatar.com\/avatar\/fdac1543c43a40c1c2ff68b5a15601cd4e16b5cd6846d940e4590fbec818cfe9?s=96&d=mm&r=g","contentUrl":"https:\/\/secure.gravatar.com\/avatar\/fdac1543c43a40c1c2ff68b5a15601cd4e16b5cd6846d940e4590fbec818cfe9?s=96&d=mm&r=g","caption":"wiebke"},"url":"https:\/\/verdammt-ich-lieb-dich.de\/magazin\/author\/wiebke\/"}]}},"_links":{"self":[{"href":"https:\/\/verdammt-ich-lieb-dich.de\/magazin\/wp-json\/wp\/v2\/posts\/218","targetHints":{"allow":["GET"]}}],"collection":[{"href":"https:\/\/verdammt-ich-lieb-dich.de\/magazin\/wp-json\/wp\/v2\/posts"}],"about":[{"href":"https:\/\/verdammt-ich-lieb-dich.de\/magazin\/wp-json\/wp\/v2\/types\/post"}],"author":[{"embeddable":true,"href":"https:\/\/verdammt-ich-lieb-dich.de\/magazin\/wp-json\/wp\/v2\/users\/2"}],"replies":[{"embeddable":true,"href":"https:\/\/verdammt-ich-lieb-dich.de\/magazin\/wp-json\/wp\/v2\/comments?post=218"}],"version-history":[{"count":6,"href":"https:\/\/verdammt-ich-lieb-dich.de\/magazin\/wp-json\/wp\/v2\/posts\/218\/revisions"}],"predecessor-version":[{"id":225,"href":"https:\/\/verdammt-ich-lieb-dich.de\/magazin\/wp-json\/wp\/v2\/posts\/218\/revisions\/225"}],"wp:featuredmedia":[{"embeddable":true,"href":"https:\/\/verdammt-ich-lieb-dich.de\/magazin\/wp-json\/wp\/v2\/media\/219"}],"wp:attachment":[{"href":"https:\/\/verdammt-ich-lieb-dich.de\/magazin\/wp-json\/wp\/v2\/media?parent=218"}],"wp:term":[{"taxonomy":"category","embeddable":true,"href":"https:\/\/verdammt-ich-lieb-dich.de\/magazin\/wp-json\/wp\/v2\/categories?post=218"},{"taxonomy":"post_tag","embeddable":true,"href":"https:\/\/verdammt-ich-lieb-dich.de\/magazin\/wp-json\/wp\/v2\/tags?post=218"}],"curies":[{"name":"wp","href":"https:\/\/api.w.org\/{rel}","templated":true}]}}