{"id":205,"date":"2020-10-30T15:43:27","date_gmt":"2020-10-30T14:43:27","guid":{"rendered":"https:\/\/verdammt-ich-lieb-dich.de\/magazin\/?p=205"},"modified":"2020-10-30T15:43:27","modified_gmt":"2020-10-30T14:43:27","slug":"happy-birthday-malle-jens-buechner","status":"publish","type":"post","link":"https:\/\/verdammt-ich-lieb-dich.de\/magazin\/happy-birthday-malle-jens-buechner\/","title":{"rendered":"Happy Birthday &#8222;Malle-Jens&#8220; B\u00fcchner"},"content":{"rendered":"<pre>Fotocredit: Wikipedia \/ 9EkieraM1 - Eigenes Werk<\/pre>\n<p>Fast zwei Jahre ist her, als &#8222;Goodbye Deutschland&#8220;-Star Jens B\u00fcchner von uns gegangen ist. Der Ex-Dschungel-Camper und TV-Auswanderer verstarb am 17. November 2018 im Alter von nur 49 Jahren an seiner schweren Lungenkrebserkrankung. Heute w\u00e4re der Schlager-S\u00e4nger 51 Jahre alt geworden.<\/p>\n<p>Anl\u00e4sslich seines Geburtstages findet seine Ehefrau Danni B\u00fcchner ber\u00fchrende Worte. Und diese teilt sie auf <a href=\"https:\/\/www.instagram.com\/dannibuechner\/\" target=\"_blank\" rel=\"noopener noreferrer\">Instagram<\/a>:<\/p>\n<figure id=\"attachment_206\" aria-describedby=\"caption-attachment-206\" style=\"width: 750px\" class=\"wp-caption alignnone\"><img loading=\"lazy\" decoding=\"async\" class=\"wp-image-206\" src=\"https:\/\/verdammt-ich-lieb-dich.de\/magazin\/wp-content\/uploads\/2020\/10\/b\u00fcchner.jpg\" alt=\"Foto: Instagram \/ Danni B\u00fcchner\" width=\"750\" height=\"482\" srcset=\"https:\/\/verdammt-ich-lieb-dich.de\/magazin\/wp-content\/uploads\/2020\/10\/b\u00fcchner.jpg 939w, https:\/\/verdammt-ich-lieb-dich.de\/magazin\/wp-content\/uploads\/2020\/10\/b\u00fcchner-300x193.jpg 300w, https:\/\/verdammt-ich-lieb-dich.de\/magazin\/wp-content\/uploads\/2020\/10\/b\u00fcchner-768x494.jpg 768w\" sizes=\"auto, (max-width: 706px) 89vw, (max-width: 767px) 82vw, 740px\" \/><figcaption id=\"caption-attachment-206\" class=\"wp-caption-text\">Foto: Instagram \/ Danni B\u00fcchner<\/figcaption><\/figure>\n<h2>Schlager-S\u00e4nger Jens B\u00fcchner<\/h2>\n<p>Bekannt wurde &#8222;Malle-Jens&#8220; vor allem durch diverse TV-Auftritte in Reality-Shows wie &#8222;Goodbye Deutschland&#8220;, &#8222;Das Sommerhaus der Stars&#8220; und &#8222;Ich bin ein Star &#8211; holt mich hier raus&#8220;. Seit 2014 hat sich der Wahl-Spanier auch der Musik gewidmet &#8211; dem <a href=\"https:\/\/verdammt-ich-lieb-dich.de\/magazin\/2020\/09\/04\/diese-schlagerstars-sind-noch-single\/\">Schlager<\/a>, um genau zu sein &#8211; und wagte so einen Neustart. Mit seinen Liedern trat er in den verschiedensten Diskotheken und Lokalit\u00e4ten Mallorcas auf. Er wurde zudem f\u00fcr Auftritte in andere L\u00e4nder eingeflogen und stand auch in seiner alten Heimat Deutschland auf der B\u00fchne.<\/p>\n<p>&#8222;Malle-Jens&#8220; sorgte mit seinen Schlager-Songs f\u00fcr gute Stimmung und Party-Laune auf Deutschlands 17. Bundesland. Zu seinen Hits geh\u00f6rten unter anderem &#8222;Pleite, aber sexy&#8220;, &#8222;Currywurst&#8220; und &#8222;Wie komm&#8216; ich jetzt nach Mallorca?&#8220;.<\/p>\n<div class=\"video-block\"><iframe loading=\"lazy\" title=\"JENS B\u00dcCHNER   PLEITE ABER SEXY  OFFICIAL\" width=\"525\" height=\"295\" src=\"https:\/\/www.youtube.com\/embed\/X4rCxp2aMV8?feature=oembed\" frameborder=\"0\" allow=\"accelerometer; autoplay; clipboard-write; encrypted-media; gyroscope; picture-in-picture; web-share\" referrerpolicy=\"strict-origin-when-cross-origin\" allowfullscreen><\/iframe><\/div>\n<h2>Schlager-Kollegen erwiesen letzte Ehre<\/h2>\n<p>Jens B\u00fcchner hinterl\u00e4sst eine tiefe L\u00fccke in Deutschlands TV- und Schlager-Szene &#8211; doch vor allem bei seiner Familie. Somit wurde im Rahmen einer Benefizveranstaltung in Essen f\u00fcr B\u00fcchners Kinder Geld gesammelt. Mehrere Schlagerstars, darunter B\u00fcchners Kollegen J\u00fcrgen Drews,\u00a0Mickie Krause\u00a0und\u00a0Mia Julia wirkten an dieser \u00a0Veranstaltung mit.<\/p>\n<p>&nbsp;<\/p>\n","protected":false},"excerpt":{"rendered":"<p>Fotocredit: Wikipedia \/ 9EkieraM1 &#8211; Eigenes Werk Fast zwei Jahre ist her, als &#8222;Goodbye Deutschland&#8220;-Star Jens B\u00fcchner von uns gegangen ist. Der Ex-Dschungel-Camper und TV-Auswanderer verstarb am 17. November 2018 im Alter von nur 49 Jahren an seiner schweren Lungenkrebserkrankung. Heute w\u00e4re der Schlager-S\u00e4nger 51 Jahre alt geworden. Anl\u00e4sslich seines Geburtstages findet seine Ehefrau Danni<\/p>\n","protected":false},"author":3,"featured_media":210,"comment_status":"closed","ping_status":"closed","sticky":false,"template":"","format":"standard","meta":{"footnotes":""},"categories":[1],"tags":[16,11],"class_list":["post-205","post","type-post","status-publish","format-standard","has-post-thumbnail","hentry","category-allgemein","tag-schlager-stars","tag-schlagernews"],"yoast_head":"<!-- This site is optimized with the Yoast SEO plugin v22.5 - https:\/\/yoast.com\/wordpress\/plugins\/seo\/ -->\n<title>Happy Birthday &quot;Malle-Jens&quot; B\u00fcchner - Verdammt-ich-lieb-dich.de - Magazin<\/title>\n<meta name=\"description\" content=\"Fast zwei Jahre ist her, als &quot;Goodbye Deutschland&quot;-Star Jens B\u00fcchner von uns gegangen ist. Hier sind nochmal einige Hits von &quot;Malle-Jens&quot;.\" \/>\n<meta name=\"robots\" content=\"index, follow, max-snippet:-1, max-image-preview:large, max-video-preview:-1\" \/>\n<link rel=\"canonical\" href=\"https:\/\/verdammt-ich-lieb-dich.de\/magazin\/happy-birthday-malle-jens-buechner\/\" \/>\n<meta property=\"og:locale\" content=\"de_DE\" \/>\n<meta property=\"og:type\" content=\"article\" \/>\n<meta property=\"og:title\" content=\"Happy Birthday &quot;Malle-Jens&quot; B\u00fcchner - Verdammt-ich-lieb-dich.de - Magazin\" \/>\n<meta property=\"og:description\" content=\"Fast zwei Jahre ist her, als &quot;Goodbye Deutschland&quot;-Star Jens B\u00fcchner von uns gegangen ist. Hier sind nochmal einige Hits von &quot;Malle-Jens&quot;.\" \/>\n<meta property=\"og:url\" content=\"https:\/\/verdammt-ich-lieb-dich.de\/magazin\/happy-birthday-malle-jens-buechner\/\" \/>\n<meta property=\"og:site_name\" content=\"Verdammt-ich-lieb-dich.de - Magazin\" \/>\n<meta property=\"article:published_time\" content=\"2020-10-30T14:43:27+00:00\" \/>\n<meta property=\"og:image\" content=\"https:\/\/verdammt-ich-lieb-dich.de\/magazin\/wp-content\/uploads\/2020\/10\/admin-ajax.jpg\" \/>\n\t<meta property=\"og:image:width\" content=\"400\" \/>\n\t<meta property=\"og:image:height\" content=\"267\" \/>\n\t<meta property=\"og:image:type\" content=\"image\/jpeg\" \/>\n<meta name=\"author\" content=\"jaquelin\" \/>\n<meta name=\"twitter:card\" content=\"summary_large_image\" \/>\n<meta name=\"twitter:label1\" content=\"Verfasst von\" \/>\n\t<meta name=\"twitter:data1\" content=\"jaquelin\" \/>\n\t<meta name=\"twitter:label2\" content=\"Gesch\u00e4tzte Lesezeit\" \/>\n\t<meta name=\"twitter:data2\" content=\"1\u00a0Minute\" \/>\n<script type=\"application\/ld+json\" class=\"yoast-schema-graph\">{\"@context\":\"https:\/\/schema.org\",\"@graph\":[{\"@type\":\"WebPage\",\"@id\":\"https:\/\/verdammt-ich-lieb-dich.de\/magazin\/happy-birthday-malle-jens-buechner\/\",\"url\":\"https:\/\/verdammt-ich-lieb-dich.de\/magazin\/happy-birthday-malle-jens-buechner\/\",\"name\":\"Happy Birthday \\\"Malle-Jens\\\" B\u00fcchner - Verdammt-ich-lieb-dich.de - Magazin\",\"isPartOf\":{\"@id\":\"https:\/\/verdammt-ich-lieb-dich.de\/magazin\/#website\"},\"primaryImageOfPage\":{\"@id\":\"https:\/\/verdammt-ich-lieb-dich.de\/magazin\/happy-birthday-malle-jens-buechner\/#primaryimage\"},\"image\":{\"@id\":\"https:\/\/verdammt-ich-lieb-dich.de\/magazin\/happy-birthday-malle-jens-buechner\/#primaryimage\"},\"thumbnailUrl\":\"https:\/\/verdammt-ich-lieb-dich.de\/magazin\/wp-content\/uploads\/2020\/10\/admin-ajax.jpg\",\"datePublished\":\"2020-10-30T14:43:27+00:00\",\"dateModified\":\"2020-10-30T14:43:27+00:00\",\"author\":{\"@id\":\"https:\/\/verdammt-ich-lieb-dich.de\/magazin\/#\/schema\/person\/dafe2f37e4fe24d9878d41d34d2249cc\"},\"description\":\"Fast zwei Jahre ist her, als \\\"Goodbye Deutschland\\\"-Star Jens B\u00fcchner von uns gegangen ist. Hier sind nochmal einige Hits von \\\"Malle-Jens\\\".\",\"breadcrumb\":{\"@id\":\"https:\/\/verdammt-ich-lieb-dich.de\/magazin\/happy-birthday-malle-jens-buechner\/#breadcrumb\"},\"inLanguage\":\"de\",\"potentialAction\":[{\"@type\":\"ReadAction\",\"target\":[\"https:\/\/verdammt-ich-lieb-dich.de\/magazin\/happy-birthday-malle-jens-buechner\/\"]}]},{\"@type\":\"ImageObject\",\"inLanguage\":\"de\",\"@id\":\"https:\/\/verdammt-ich-lieb-dich.de\/magazin\/happy-birthday-malle-jens-buechner\/#primaryimage\",\"url\":\"https:\/\/verdammt-ich-lieb-dich.de\/magazin\/wp-content\/uploads\/2020\/10\/admin-ajax.jpg\",\"contentUrl\":\"https:\/\/verdammt-ich-lieb-dich.de\/magazin\/wp-content\/uploads\/2020\/10\/admin-ajax.jpg\",\"width\":400,\"height\":267,\"caption\":\"Jens B\u00fcchner mit Ehefrau Daniela. Foto: 9EkieraM1 - Eigenes Werk\"},{\"@type\":\"BreadcrumbList\",\"@id\":\"https:\/\/verdammt-ich-lieb-dich.de\/magazin\/happy-birthday-malle-jens-buechner\/#breadcrumb\",\"itemListElement\":[{\"@type\":\"ListItem\",\"position\":1,\"name\":\"Startseite\",\"item\":\"https:\/\/verdammt-ich-lieb-dich.de\/magazin\/\"},{\"@type\":\"ListItem\",\"position\":2,\"name\":\"Happy Birthday &#8222;Malle-Jens&#8220; B\u00fcchner\"}]},{\"@type\":\"WebSite\",\"@id\":\"https:\/\/verdammt-ich-lieb-dich.de\/magazin\/#website\",\"url\":\"https:\/\/verdammt-ich-lieb-dich.de\/magazin\/\",\"name\":\"Verdammt-ich-lieb-dich.de - Magazin\",\"description\":\"Eine weitere WordPress-Website\",\"potentialAction\":[{\"@type\":\"SearchAction\",\"target\":{\"@type\":\"EntryPoint\",\"urlTemplate\":\"https:\/\/verdammt-ich-lieb-dich.de\/magazin\/?s={search_term_string}\"},\"query-input\":\"required name=search_term_string\"}],\"inLanguage\":\"de\"},{\"@type\":\"Person\",\"@id\":\"https:\/\/verdammt-ich-lieb-dich.de\/magazin\/#\/schema\/person\/dafe2f37e4fe24d9878d41d34d2249cc\",\"name\":\"jaquelin\",\"image\":{\"@type\":\"ImageObject\",\"inLanguage\":\"de\",\"@id\":\"https:\/\/verdammt-ich-lieb-dich.de\/magazin\/#\/schema\/person\/image\/\",\"url\":\"https:\/\/secure.gravatar.com\/avatar\/62e786bd653ee98105f356851ad0909126d3f426ac16d84dfec804a8678411a2?s=96&d=mm&r=g\",\"contentUrl\":\"https:\/\/secure.gravatar.com\/avatar\/62e786bd653ee98105f356851ad0909126d3f426ac16d84dfec804a8678411a2?s=96&d=mm&r=g\",\"caption\":\"jaquelin\"},\"url\":\"https:\/\/verdammt-ich-lieb-dich.de\/magazin\/author\/jaquelin\/\"}]}<\/script>\n<!-- \/ Yoast SEO plugin. -->","yoast_head_json":{"title":"Happy Birthday \"Malle-Jens\" B\u00fcchner - Verdammt-ich-lieb-dich.de - Magazin","description":"Fast zwei Jahre ist her, als \"Goodbye Deutschland\"-Star Jens B\u00fcchner von uns gegangen ist. Hier sind nochmal einige Hits von \"Malle-Jens\".","robots":{"index":"index","follow":"follow","max-snippet":"max-snippet:-1","max-image-preview":"max-image-preview:large","max-video-preview":"max-video-preview:-1"},"canonical":"https:\/\/verdammt-ich-lieb-dich.de\/magazin\/happy-birthday-malle-jens-buechner\/","og_locale":"de_DE","og_type":"article","og_title":"Happy Birthday \"Malle-Jens\" B\u00fcchner - Verdammt-ich-lieb-dich.de - Magazin","og_description":"Fast zwei Jahre ist her, als \"Goodbye Deutschland\"-Star Jens B\u00fcchner von uns gegangen ist. Hier sind nochmal einige Hits von \"Malle-Jens\".","og_url":"https:\/\/verdammt-ich-lieb-dich.de\/magazin\/happy-birthday-malle-jens-buechner\/","og_site_name":"Verdammt-ich-lieb-dich.de - Magazin","article_published_time":"2020-10-30T14:43:27+00:00","og_image":[{"width":400,"height":267,"url":"https:\/\/verdammt-ich-lieb-dich.de\/magazin\/wp-content\/uploads\/2020\/10\/admin-ajax.jpg","type":"image\/jpeg"}],"author":"jaquelin","twitter_card":"summary_large_image","twitter_misc":{"Verfasst von":"jaquelin","Gesch\u00e4tzte Lesezeit":"1\u00a0Minute"},"schema":{"@context":"https:\/\/schema.org","@graph":[{"@type":"WebPage","@id":"https:\/\/verdammt-ich-lieb-dich.de\/magazin\/happy-birthday-malle-jens-buechner\/","url":"https:\/\/verdammt-ich-lieb-dich.de\/magazin\/happy-birthday-malle-jens-buechner\/","name":"Happy Birthday \"Malle-Jens\" B\u00fcchner - Verdammt-ich-lieb-dich.de - Magazin","isPartOf":{"@id":"https:\/\/verdammt-ich-lieb-dich.de\/magazin\/#website"},"primaryImageOfPage":{"@id":"https:\/\/verdammt-ich-lieb-dich.de\/magazin\/happy-birthday-malle-jens-buechner\/#primaryimage"},"image":{"@id":"https:\/\/verdammt-ich-lieb-dich.de\/magazin\/happy-birthday-malle-jens-buechner\/#primaryimage"},"thumbnailUrl":"https:\/\/verdammt-ich-lieb-dich.de\/magazin\/wp-content\/uploads\/2020\/10\/admin-ajax.jpg","datePublished":"2020-10-30T14:43:27+00:00","dateModified":"2020-10-30T14:43:27+00:00","author":{"@id":"https:\/\/verdammt-ich-lieb-dich.de\/magazin\/#\/schema\/person\/dafe2f37e4fe24d9878d41d34d2249cc"},"description":"Fast zwei Jahre ist her, als \"Goodbye Deutschland\"-Star Jens B\u00fcchner von uns gegangen ist. Hier sind nochmal einige Hits von \"Malle-Jens\".","breadcrumb":{"@id":"https:\/\/verdammt-ich-lieb-dich.de\/magazin\/happy-birthday-malle-jens-buechner\/#breadcrumb"},"inLanguage":"de","potentialAction":[{"@type":"ReadAction","target":["https:\/\/verdammt-ich-lieb-dich.de\/magazin\/happy-birthday-malle-jens-buechner\/"]}]},{"@type":"ImageObject","inLanguage":"de","@id":"https:\/\/verdammt-ich-lieb-dich.de\/magazin\/happy-birthday-malle-jens-buechner\/#primaryimage","url":"https:\/\/verdammt-ich-lieb-dich.de\/magazin\/wp-content\/uploads\/2020\/10\/admin-ajax.jpg","contentUrl":"https:\/\/verdammt-ich-lieb-dich.de\/magazin\/wp-content\/uploads\/2020\/10\/admin-ajax.jpg","width":400,"height":267,"caption":"Jens B\u00fcchner mit Ehefrau Daniela. Foto: 9EkieraM1 - Eigenes Werk"},{"@type":"BreadcrumbList","@id":"https:\/\/verdammt-ich-lieb-dich.de\/magazin\/happy-birthday-malle-jens-buechner\/#breadcrumb","itemListElement":[{"@type":"ListItem","position":1,"name":"Startseite","item":"https:\/\/verdammt-ich-lieb-dich.de\/magazin\/"},{"@type":"ListItem","position":2,"name":"Happy Birthday &#8222;Malle-Jens&#8220; B\u00fcchner"}]},{"@type":"WebSite","@id":"https:\/\/verdammt-ich-lieb-dich.de\/magazin\/#website","url":"https:\/\/verdammt-ich-lieb-dich.de\/magazin\/","name":"Verdammt-ich-lieb-dich.de - Magazin","description":"Eine weitere WordPress-Website","potentialAction":[{"@type":"SearchAction","target":{"@type":"EntryPoint","urlTemplate":"https:\/\/verdammt-ich-lieb-dich.de\/magazin\/?s={search_term_string}"},"query-input":"required name=search_term_string"}],"inLanguage":"de"},{"@type":"Person","@id":"https:\/\/verdammt-ich-lieb-dich.de\/magazin\/#\/schema\/person\/dafe2f37e4fe24d9878d41d34d2249cc","name":"jaquelin","image":{"@type":"ImageObject","inLanguage":"de","@id":"https:\/\/verdammt-ich-lieb-dich.de\/magazin\/#\/schema\/person\/image\/","url":"https:\/\/secure.gravatar.com\/avatar\/62e786bd653ee98105f356851ad0909126d3f426ac16d84dfec804a8678411a2?s=96&d=mm&r=g","contentUrl":"https:\/\/secure.gravatar.com\/avatar\/62e786bd653ee98105f356851ad0909126d3f426ac16d84dfec804a8678411a2?s=96&d=mm&r=g","caption":"jaquelin"},"url":"https:\/\/verdammt-ich-lieb-dich.de\/magazin\/author\/jaquelin\/"}]}},"_links":{"self":[{"href":"https:\/\/verdammt-ich-lieb-dich.de\/magazin\/wp-json\/wp\/v2\/posts\/205","targetHints":{"allow":["GET"]}}],"collection":[{"href":"https:\/\/verdammt-ich-lieb-dich.de\/magazin\/wp-json\/wp\/v2\/posts"}],"about":[{"href":"https:\/\/verdammt-ich-lieb-dich.de\/magazin\/wp-json\/wp\/v2\/types\/post"}],"author":[{"embeddable":true,"href":"https:\/\/verdammt-ich-lieb-dich.de\/magazin\/wp-json\/wp\/v2\/users\/3"}],"replies":[{"embeddable":true,"href":"https:\/\/verdammt-ich-lieb-dich.de\/magazin\/wp-json\/wp\/v2\/comments?post=205"}],"version-history":[{"count":2,"href":"https:\/\/verdammt-ich-lieb-dich.de\/magazin\/wp-json\/wp\/v2\/posts\/205\/revisions"}],"predecessor-version":[{"id":211,"href":"https:\/\/verdammt-ich-lieb-dich.de\/magazin\/wp-json\/wp\/v2\/posts\/205\/revisions\/211"}],"wp:featuredmedia":[{"embeddable":true,"href":"https:\/\/verdammt-ich-lieb-dich.de\/magazin\/wp-json\/wp\/v2\/media\/210"}],"wp:attachment":[{"href":"https:\/\/verdammt-ich-lieb-dich.de\/magazin\/wp-json\/wp\/v2\/media?parent=205"}],"wp:term":[{"taxonomy":"category","embeddable":true,"href":"https:\/\/verdammt-ich-lieb-dich.de\/magazin\/wp-json\/wp\/v2\/categories?post=205"},{"taxonomy":"post_tag","embeddable":true,"href":"https:\/\/verdammt-ich-lieb-dich.de\/magazin\/wp-json\/wp\/v2\/tags?post=205"}],"curies":[{"name":"wp","href":"https:\/\/api.w.org\/{rel}","templated":true}]}}