{"id":112,"date":"2020-09-04T11:58:46","date_gmt":"2020-09-04T09:58:46","guid":{"rendered":"https:\/\/verdammt-ich-lieb-dich.de\/magazin\/?p=112"},"modified":"2020-09-04T15:03:26","modified_gmt":"2020-09-04T13:03:26","slug":"diese-schlagerstars-sind-noch-single","status":"publish","type":"post","link":"https:\/\/verdammt-ich-lieb-dich.de\/magazin\/diese-schlagerstars-sind-noch-single\/","title":{"rendered":"Herbstzeit ist Kuschelzeit &#8211; und diese Schlager-Stars sind noch single!"},"content":{"rendered":"<p><em>Photocredit: http:\/\/floriansilbereisen.com\/<\/em><\/p>\n<p>Romantik, Gef\u00fchl, Zweisamkeit oder Herzschmerz: Kaum ein Schlager-Hit dreht sich nicht um die vielf\u00e4ltigen Facetten der Liebe. Und es gibt sie: Die Schlager-Traumpaare, die ihre Emotionen nicht nur auf der B\u00fchne, sondern auch privat leben (<strong><a href=\"https:\/\/verdammt-ich-lieb-dich.de\/magazin\/2020\/08\/28\/die-4-emotionalsten-sternzeichen-und-diese-schlager-stars-gehoeren-dazu\/\">Das sind die emotionalsten Sternzeichen<\/a><\/strong>). Helene Fischer und Florian Silbereisen waren lange \u2013 sage und schreibe zehn Jahre \u2013 DAS Schlager-Traumpaar.<\/p>\n<p>Doch seit knapp zwei Jahren schon gehen die beiden getrennte Wege. W\u00e4hrend Helene schon l\u00e4ngst wieder auf Wolke Sieben mit dem Luftakrobaten Thomas Seitel schwebt, mit dem sie u.a. ihre B\u00fchnenshows erarbeitet, ist Florian noch Single. Doch damit ist der 39-J\u00e4hrige nicht allein, wir stellen euch eine ganze Palette attraktiver Single-Boys und Girls vor.<\/p>\n<h2>All The Single Ladies<\/h2>\n<p>Ladies first: Marion M\u00f6hlich (39), auch bekannt als \u201eMarry\u201c aus dem Westerwald feierte im Jahr 2005 mit dem Hit \u201eOhne dich\u201c ihren musikalischen Durchbruch. Die bildh\u00fcbsche Partyschlagers\u00e4ngerin mit den Traumma\u00dfen und den langen blonden Haaren sucht noch nach einer starken Schulter zum Anlehnen. Das d\u00fcrfte doch nicht schwierig werden, oder? Dass die Partnersuche nicht in den 30ern oder 40ern abgeschlossen ist, beweist Gerda Gabriel (62). Die Th\u00fcringer Schlagers\u00e4ngerin singt nicht nur von gro\u00dfen Gef\u00fchlen, sie w\u00fcnscht sich auch einen Partner, der seiner romantischen Ader freien Lauf l\u00e4sst.<\/p>\n<p>Ist sie oder ist sie nicht? Die Ger\u00fcchte um das Privatleben der beliebten DSDS-Siegerin und Schlagers\u00e4ngerin<strong> <a href=\"https:\/\/www.instagram.com\/beatrice_egli_offiziell\/?hl=de\" target=\"_blank\" rel=\"noopener noreferrer\">Beatrice Egli<\/a> <\/strong>brodeln unaufh\u00f6rlich. An der charmanten 32-J\u00e4hrigen bei\u00dft sich die Presse schon seit Jahren die Z\u00e4hne aus. Denn: So erfolgreich die S\u00e4ngerin beruflich ist, so wenig ist \u00fcber ihr Liebesleben bekannt. Bei so viel Ruhm d\u00fcrfte es doch auch privat bei der h\u00fcbschen Beatrice rund laufen, oder? Seit ihrer Trennung von ihrem langj\u00e4hrigen Freund Reto Steiner gilt sie jedoch als Single \u2013 und das seit nunmehr \u00fcber sechs Jahren. Der Richtige scheint wohl einfach noch nicht dabei gewesen zu sein, also M\u00e4nner: ran da!<\/p>\n<h2>Mr. Lover Lover?<\/h2>\n<div class=\"video-block\"><iframe loading=\"lazy\" title=\"Vincent Gross - \u00dcber uns die Sonne | Immer wieder sonntags\" width=\"525\" height=\"295\" src=\"https:\/\/www.youtube.com\/embed\/w_AiYuvVY_c?feature=oembed\" frameborder=\"0\" allow=\"accelerometer; autoplay; clipboard-write; encrypted-media; gyroscope; picture-in-picture; web-share\" referrerpolicy=\"strict-origin-when-cross-origin\" allowfullscreen><\/iframe><\/div>\n<p>Zeit, um sich den Herren der Sch\u00f6pfung zuzuwenden. Neben Florian Silbereisen bietet die m\u00e4nnliche Schlager-Single-Liste n\u00e4mlich einige Leckerbissen. \u201eWir waren zwei Astronauten, die Welt war uns zu klein, das Raumschiff \u201eEwigkeit\u201c war startbereit \u2013 zu jeder Zeit\u201c, singt Vincent Gross (24) in seiner aktuellen Single \u201e\u00dcber uns die Sonne\u201c. Hach, wer kommt da nicht ins Tr\u00e4umen und m\u00f6chte sich auf eine Reise durch die Liebes-Galaxie begeben? Unm\u00f6glich ist das nicht, der Schweizer Jungspund ist noch zu haben! Wer bei solch einem romantischen Trip Angst um die perfekt sitzende Frisur hat, findet in Tim Toupet (48) den ultimativen Partner. Der singende Friseur aus dem Rheinland kann seine Emotionen nicht nur gut in rhythmische Songs verpacken, er macht die Frauen auch noch in seinem eigenen K\u00f6lner Salon \u201eHair Concept\u201c gl\u00fccklich. Gegen\u00fcber RTL \u00e4u\u00dferte er, dass er eine Partnerin sucht, die sowohl Toleranz gegen\u00fcber seinem Beruf, als auch eine ordentliche Portion Humor mitbringt. Wer sieht sich dieser Herausforderung gewachsen?<\/p>\n<p>Ben Zucker \u2013 Der Name sagt doch schon alles. Nachdem der \u2013 Achtung Wortspiel \u2013 zuckers\u00fc\u00dfe Ben im Sommer 2018 mit Fotos einer neuen Liebe \u00fcberraschte, gab er im Jahr darauf wieder seinen Single-Status bekannt. Auf seinem Album \u201eWer sagt das?!\u201c verarbeitete der 37-J\u00e4hrige den Trennungsschmerz, ist jetzt aber wieder offen f\u00fcr Neues.<\/p>\n<figure id=\"attachment_125\" aria-describedby=\"caption-attachment-125\" style=\"width: 300px\" class=\"wp-caption alignnone\"><img loading=\"lazy\" decoding=\"async\" class=\"size-medium wp-image-125\" src=\"https:\/\/verdammt-ich-lieb-dich.de\/magazin\/wp-content\/uploads\/2020\/09\/09_Pressefoto_BenZucker_DieArenaTournee2019_ChrisHeidrich-300x200.jpg\" alt=\"Schlagers\u00e4nger Ben Zucker.\" width=\"300\" height=\"200\" srcset=\"https:\/\/verdammt-ich-lieb-dich.de\/magazin\/wp-content\/uploads\/2020\/09\/09_Pressefoto_BenZucker_DieArenaTournee2019_ChrisHeidrich-300x200.jpg 300w, https:\/\/verdammt-ich-lieb-dich.de\/magazin\/wp-content\/uploads\/2020\/09\/09_Pressefoto_BenZucker_DieArenaTournee2019_ChrisHeidrich-1024x683.jpg 1024w, https:\/\/verdammt-ich-lieb-dich.de\/magazin\/wp-content\/uploads\/2020\/09\/09_Pressefoto_BenZucker_DieArenaTournee2019_ChrisHeidrich-768x512.jpg 768w, https:\/\/verdammt-ich-lieb-dich.de\/magazin\/wp-content\/uploads\/2020\/09\/09_Pressefoto_BenZucker_DieArenaTournee2019_ChrisHeidrich-1536x1024.jpg 1536w, https:\/\/verdammt-ich-lieb-dich.de\/magazin\/wp-content\/uploads\/2020\/09\/09_Pressefoto_BenZucker_DieArenaTournee2019_ChrisHeidrich-2048x1365.jpg 2048w\" sizes=\"auto, (max-width: 300px) 100vw, 300px\" \/><figcaption id=\"caption-attachment-125\" class=\"wp-caption-text\">Schlager-Star mit Stil: Ben Zucker, Foto: Chris Heidrich<\/figcaption><\/figure>\n","protected":false},"excerpt":{"rendered":"<p>Photocredit: http:\/\/floriansilbereisen.com\/ Romantik, Gef\u00fchl, Zweisamkeit oder Herzschmerz: Kaum ein Schlager-Hit dreht sich nicht um die vielf\u00e4ltigen Facetten der Liebe. Und es gibt sie: Die Schlager-Traumpaare, die ihre Emotionen nicht nur auf der B\u00fchne, sondern auch privat leben (Das sind die emotionalsten Sternzeichen). Helene Fischer und Florian Silbereisen waren lange \u2013 sage und schreibe zehn Jahre<\/p>\n","protected":false},"author":2,"featured_media":113,"comment_status":"closed","ping_status":"closed","sticky":false,"template":"","format":"standard","meta":{"footnotes":""},"categories":[1],"tags":[16,15,17],"class_list":["post-112","post","type-post","status-publish","format-standard","has-post-thumbnail","hentry","category-allgemein","tag-schlager-stars","tag-schlagersingles","tag-single"],"yoast_head":"<!-- This site is optimized with the Yoast SEO plugin v22.5 - https:\/\/yoast.com\/wordpress\/plugins\/seo\/ -->\n<title>Herbstzeit ist Kuschelzeit - und diese Schlager-Stars sind noch single!<\/title>\n<meta name=\"description\" content=\"Liebe, Zweisamkeit und gro\u00dfe Gef\u00fchle: Schlager ist Romantik pur. Wir zeigen euch, wer von den emotionsgeladenen S\u00e4ngern und S\u00e4ngerinnen noch Single ist.\" \/>\n<meta name=\"robots\" content=\"index, follow, max-snippet:-1, max-image-preview:large, max-video-preview:-1\" \/>\n<link rel=\"canonical\" href=\"https:\/\/verdammt-ich-lieb-dich.de\/magazin\/diese-schlagerstars-sind-noch-single\/\" \/>\n<meta property=\"og:locale\" content=\"de_DE\" \/>\n<meta property=\"og:type\" content=\"article\" \/>\n<meta property=\"og:title\" content=\"Herbstzeit ist Kuschelzeit - und diese Schlager-Stars sind noch single!\" \/>\n<meta property=\"og:description\" content=\"Liebe, Zweisamkeit und gro\u00dfe Gef\u00fchle: Schlager ist Romantik pur. Wir zeigen euch, wer von den emotionsgeladenen S\u00e4ngern und S\u00e4ngerinnen noch Single ist.\" \/>\n<meta property=\"og:url\" content=\"https:\/\/verdammt-ich-lieb-dich.de\/magazin\/diese-schlagerstars-sind-noch-single\/\" \/>\n<meta property=\"og:site_name\" content=\"Verdammt-ich-lieb-dich.de - Magazin\" \/>\n<meta property=\"article:published_time\" content=\"2020-09-04T09:58:46+00:00\" \/>\n<meta property=\"article:modified_time\" content=\"2020-09-04T13:03:26+00:00\" \/>\n<meta property=\"og:image\" content=\"https:\/\/verdammt-ich-lieb-dich.de\/magazin\/wp-content\/uploads\/2020\/09\/florian-silbereisen-12g-scaled.jpg\" \/>\n\t<meta property=\"og:image:width\" content=\"2560\" \/>\n\t<meta property=\"og:image:height\" content=\"2026\" \/>\n\t<meta property=\"og:image:type\" content=\"image\/jpeg\" \/>\n<meta name=\"author\" content=\"wiebke\" \/>\n<meta name=\"twitter:card\" content=\"summary_large_image\" \/>\n<meta name=\"twitter:label1\" content=\"Verfasst von\" \/>\n\t<meta name=\"twitter:data1\" content=\"wiebke\" \/>\n\t<meta name=\"twitter:label2\" content=\"Gesch\u00e4tzte Lesezeit\" \/>\n\t<meta name=\"twitter:data2\" content=\"3\u00a0Minuten\" \/>\n<script type=\"application\/ld+json\" class=\"yoast-schema-graph\">{\"@context\":\"https:\/\/schema.org\",\"@graph\":[{\"@type\":\"WebPage\",\"@id\":\"https:\/\/verdammt-ich-lieb-dich.de\/magazin\/diese-schlagerstars-sind-noch-single\/\",\"url\":\"https:\/\/verdammt-ich-lieb-dich.de\/magazin\/diese-schlagerstars-sind-noch-single\/\",\"name\":\"Herbstzeit ist Kuschelzeit - und diese Schlager-Stars sind noch single!\",\"isPartOf\":{\"@id\":\"https:\/\/verdammt-ich-lieb-dich.de\/magazin\/#website\"},\"primaryImageOfPage\":{\"@id\":\"https:\/\/verdammt-ich-lieb-dich.de\/magazin\/diese-schlagerstars-sind-noch-single\/#primaryimage\"},\"image\":{\"@id\":\"https:\/\/verdammt-ich-lieb-dich.de\/magazin\/diese-schlagerstars-sind-noch-single\/#primaryimage\"},\"thumbnailUrl\":\"https:\/\/verdammt-ich-lieb-dich.de\/magazin\/wp-content\/uploads\/2020\/09\/florian-silbereisen-12g-scaled.jpg\",\"datePublished\":\"2020-09-04T09:58:46+00:00\",\"dateModified\":\"2020-09-04T13:03:26+00:00\",\"author\":{\"@id\":\"https:\/\/verdammt-ich-lieb-dich.de\/magazin\/#\/schema\/person\/72f8836cc775b1779d26f62fcb915306\"},\"description\":\"Liebe, Zweisamkeit und gro\u00dfe Gef\u00fchle: Schlager ist Romantik pur. Wir zeigen euch, wer von den emotionsgeladenen S\u00e4ngern und S\u00e4ngerinnen noch Single ist.\",\"breadcrumb\":{\"@id\":\"https:\/\/verdammt-ich-lieb-dich.de\/magazin\/diese-schlagerstars-sind-noch-single\/#breadcrumb\"},\"inLanguage\":\"de\",\"potentialAction\":[{\"@type\":\"ReadAction\",\"target\":[\"https:\/\/verdammt-ich-lieb-dich.de\/magazin\/diese-schlagerstars-sind-noch-single\/\"]}]},{\"@type\":\"ImageObject\",\"inLanguage\":\"de\",\"@id\":\"https:\/\/verdammt-ich-lieb-dich.de\/magazin\/diese-schlagerstars-sind-noch-single\/#primaryimage\",\"url\":\"https:\/\/verdammt-ich-lieb-dich.de\/magazin\/wp-content\/uploads\/2020\/09\/florian-silbereisen-12g-scaled.jpg\",\"contentUrl\":\"https:\/\/verdammt-ich-lieb-dich.de\/magazin\/wp-content\/uploads\/2020\/09\/florian-silbereisen-12g-scaled.jpg\",\"width\":2560,\"height\":2026,\"caption\":\"Florian Silbereisen ist seit knapp zwei Jahren Single.\"},{\"@type\":\"BreadcrumbList\",\"@id\":\"https:\/\/verdammt-ich-lieb-dich.de\/magazin\/diese-schlagerstars-sind-noch-single\/#breadcrumb\",\"itemListElement\":[{\"@type\":\"ListItem\",\"position\":1,\"name\":\"Startseite\",\"item\":\"https:\/\/verdammt-ich-lieb-dich.de\/magazin\/\"},{\"@type\":\"ListItem\",\"position\":2,\"name\":\"Herbstzeit ist Kuschelzeit &#8211; und diese Schlager-Stars sind noch single!\"}]},{\"@type\":\"WebSite\",\"@id\":\"https:\/\/verdammt-ich-lieb-dich.de\/magazin\/#website\",\"url\":\"https:\/\/verdammt-ich-lieb-dich.de\/magazin\/\",\"name\":\"Verdammt-ich-lieb-dich.de - Magazin\",\"description\":\"Eine weitere WordPress-Website\",\"potentialAction\":[{\"@type\":\"SearchAction\",\"target\":{\"@type\":\"EntryPoint\",\"urlTemplate\":\"https:\/\/verdammt-ich-lieb-dich.de\/magazin\/?s={search_term_string}\"},\"query-input\":\"required name=search_term_string\"}],\"inLanguage\":\"de\"},{\"@type\":\"Person\",\"@id\":\"https:\/\/verdammt-ich-lieb-dich.de\/magazin\/#\/schema\/person\/72f8836cc775b1779d26f62fcb915306\",\"name\":\"wiebke\",\"image\":{\"@type\":\"ImageObject\",\"inLanguage\":\"de\",\"@id\":\"https:\/\/verdammt-ich-lieb-dich.de\/magazin\/#\/schema\/person\/image\/\",\"url\":\"https:\/\/secure.gravatar.com\/avatar\/fdac1543c43a40c1c2ff68b5a15601cd4e16b5cd6846d940e4590fbec818cfe9?s=96&d=mm&r=g\",\"contentUrl\":\"https:\/\/secure.gravatar.com\/avatar\/fdac1543c43a40c1c2ff68b5a15601cd4e16b5cd6846d940e4590fbec818cfe9?s=96&d=mm&r=g\",\"caption\":\"wiebke\"},\"url\":\"https:\/\/verdammt-ich-lieb-dich.de\/magazin\/author\/wiebke\/\"}]}<\/script>\n<!-- \/ Yoast SEO plugin. -->","yoast_head_json":{"title":"Herbstzeit ist Kuschelzeit - und diese Schlager-Stars sind noch single!","description":"Liebe, Zweisamkeit und gro\u00dfe Gef\u00fchle: Schlager ist Romantik pur. Wir zeigen euch, wer von den emotionsgeladenen S\u00e4ngern und S\u00e4ngerinnen noch Single ist.","robots":{"index":"index","follow":"follow","max-snippet":"max-snippet:-1","max-image-preview":"max-image-preview:large","max-video-preview":"max-video-preview:-1"},"canonical":"https:\/\/verdammt-ich-lieb-dich.de\/magazin\/diese-schlagerstars-sind-noch-single\/","og_locale":"de_DE","og_type":"article","og_title":"Herbstzeit ist Kuschelzeit - und diese Schlager-Stars sind noch single!","og_description":"Liebe, Zweisamkeit und gro\u00dfe Gef\u00fchle: Schlager ist Romantik pur. Wir zeigen euch, wer von den emotionsgeladenen S\u00e4ngern und S\u00e4ngerinnen noch Single ist.","og_url":"https:\/\/verdammt-ich-lieb-dich.de\/magazin\/diese-schlagerstars-sind-noch-single\/","og_site_name":"Verdammt-ich-lieb-dich.de - Magazin","article_published_time":"2020-09-04T09:58:46+00:00","article_modified_time":"2020-09-04T13:03:26+00:00","og_image":[{"width":2560,"height":2026,"url":"https:\/\/verdammt-ich-lieb-dich.de\/magazin\/wp-content\/uploads\/2020\/09\/florian-silbereisen-12g-scaled.jpg","type":"image\/jpeg"}],"author":"wiebke","twitter_card":"summary_large_image","twitter_misc":{"Verfasst von":"wiebke","Gesch\u00e4tzte Lesezeit":"3\u00a0Minuten"},"schema":{"@context":"https:\/\/schema.org","@graph":[{"@type":"WebPage","@id":"https:\/\/verdammt-ich-lieb-dich.de\/magazin\/diese-schlagerstars-sind-noch-single\/","url":"https:\/\/verdammt-ich-lieb-dich.de\/magazin\/diese-schlagerstars-sind-noch-single\/","name":"Herbstzeit ist Kuschelzeit - und diese Schlager-Stars sind noch single!","isPartOf":{"@id":"https:\/\/verdammt-ich-lieb-dich.de\/magazin\/#website"},"primaryImageOfPage":{"@id":"https:\/\/verdammt-ich-lieb-dich.de\/magazin\/diese-schlagerstars-sind-noch-single\/#primaryimage"},"image":{"@id":"https:\/\/verdammt-ich-lieb-dich.de\/magazin\/diese-schlagerstars-sind-noch-single\/#primaryimage"},"thumbnailUrl":"https:\/\/verdammt-ich-lieb-dich.de\/magazin\/wp-content\/uploads\/2020\/09\/florian-silbereisen-12g-scaled.jpg","datePublished":"2020-09-04T09:58:46+00:00","dateModified":"2020-09-04T13:03:26+00:00","author":{"@id":"https:\/\/verdammt-ich-lieb-dich.de\/magazin\/#\/schema\/person\/72f8836cc775b1779d26f62fcb915306"},"description":"Liebe, Zweisamkeit und gro\u00dfe Gef\u00fchle: Schlager ist Romantik pur. Wir zeigen euch, wer von den emotionsgeladenen S\u00e4ngern und S\u00e4ngerinnen noch Single ist.","breadcrumb":{"@id":"https:\/\/verdammt-ich-lieb-dich.de\/magazin\/diese-schlagerstars-sind-noch-single\/#breadcrumb"},"inLanguage":"de","potentialAction":[{"@type":"ReadAction","target":["https:\/\/verdammt-ich-lieb-dich.de\/magazin\/diese-schlagerstars-sind-noch-single\/"]}]},{"@type":"ImageObject","inLanguage":"de","@id":"https:\/\/verdammt-ich-lieb-dich.de\/magazin\/diese-schlagerstars-sind-noch-single\/#primaryimage","url":"https:\/\/verdammt-ich-lieb-dich.de\/magazin\/wp-content\/uploads\/2020\/09\/florian-silbereisen-12g-scaled.jpg","contentUrl":"https:\/\/verdammt-ich-lieb-dich.de\/magazin\/wp-content\/uploads\/2020\/09\/florian-silbereisen-12g-scaled.jpg","width":2560,"height":2026,"caption":"Florian Silbereisen ist seit knapp zwei Jahren Single."},{"@type":"BreadcrumbList","@id":"https:\/\/verdammt-ich-lieb-dich.de\/magazin\/diese-schlagerstars-sind-noch-single\/#breadcrumb","itemListElement":[{"@type":"ListItem","position":1,"name":"Startseite","item":"https:\/\/verdammt-ich-lieb-dich.de\/magazin\/"},{"@type":"ListItem","position":2,"name":"Herbstzeit ist Kuschelzeit &#8211; und diese Schlager-Stars sind noch single!"}]},{"@type":"WebSite","@id":"https:\/\/verdammt-ich-lieb-dich.de\/magazin\/#website","url":"https:\/\/verdammt-ich-lieb-dich.de\/magazin\/","name":"Verdammt-ich-lieb-dich.de - Magazin","description":"Eine weitere WordPress-Website","potentialAction":[{"@type":"SearchAction","target":{"@type":"EntryPoint","urlTemplate":"https:\/\/verdammt-ich-lieb-dich.de\/magazin\/?s={search_term_string}"},"query-input":"required name=search_term_string"}],"inLanguage":"de"},{"@type":"Person","@id":"https:\/\/verdammt-ich-lieb-dich.de\/magazin\/#\/schema\/person\/72f8836cc775b1779d26f62fcb915306","name":"wiebke","image":{"@type":"ImageObject","inLanguage":"de","@id":"https:\/\/verdammt-ich-lieb-dich.de\/magazin\/#\/schema\/person\/image\/","url":"https:\/\/secure.gravatar.com\/avatar\/fdac1543c43a40c1c2ff68b5a15601cd4e16b5cd6846d940e4590fbec818cfe9?s=96&d=mm&r=g","contentUrl":"https:\/\/secure.gravatar.com\/avatar\/fdac1543c43a40c1c2ff68b5a15601cd4e16b5cd6846d940e4590fbec818cfe9?s=96&d=mm&r=g","caption":"wiebke"},"url":"https:\/\/verdammt-ich-lieb-dich.de\/magazin\/author\/wiebke\/"}]}},"_links":{"self":[{"href":"https:\/\/verdammt-ich-lieb-dich.de\/magazin\/wp-json\/wp\/v2\/posts\/112","targetHints":{"allow":["GET"]}}],"collection":[{"href":"https:\/\/verdammt-ich-lieb-dich.de\/magazin\/wp-json\/wp\/v2\/posts"}],"about":[{"href":"https:\/\/verdammt-ich-lieb-dich.de\/magazin\/wp-json\/wp\/v2\/types\/post"}],"author":[{"embeddable":true,"href":"https:\/\/verdammt-ich-lieb-dich.de\/magazin\/wp-json\/wp\/v2\/users\/2"}],"replies":[{"embeddable":true,"href":"https:\/\/verdammt-ich-lieb-dich.de\/magazin\/wp-json\/wp\/v2\/comments?post=112"}],"version-history":[{"count":11,"href":"https:\/\/verdammt-ich-lieb-dich.de\/magazin\/wp-json\/wp\/v2\/posts\/112\/revisions"}],"predecessor-version":[{"id":126,"href":"https:\/\/verdammt-ich-lieb-dich.de\/magazin\/wp-json\/wp\/v2\/posts\/112\/revisions\/126"}],"wp:featuredmedia":[{"embeddable":true,"href":"https:\/\/verdammt-ich-lieb-dich.de\/magazin\/wp-json\/wp\/v2\/media\/113"}],"wp:attachment":[{"href":"https:\/\/verdammt-ich-lieb-dich.de\/magazin\/wp-json\/wp\/v2\/media?parent=112"}],"wp:term":[{"taxonomy":"category","embeddable":true,"href":"https:\/\/verdammt-ich-lieb-dich.de\/magazin\/wp-json\/wp\/v2\/categories?post=112"},{"taxonomy":"post_tag","embeddable":true,"href":"https:\/\/verdammt-ich-lieb-dich.de\/magazin\/wp-json\/wp\/v2\/tags?post=112"}],"curies":[{"name":"wp","href":"https:\/\/api.w.org\/{rel}","templated":true}]}}